{"id":3765,"date":"2026-03-10T09:21:33","date_gmt":"2026-03-10T08:21:33","guid":{"rendered":"https:\/\/fundacioantoniusmusa.com\/?p=3765"},"modified":"2026-03-10T10:02:42","modified_gmt":"2026-03-10T09:02:42","slug":"becas-formacion-fundacion-2026","status":"publish","type":"post","link":"https:\/\/fundacioantoniusmusa.com\/es\/becas-formacion-fundacion-2026\/","title":{"rendered":"Abierta la convocatoria de becas de formaci\u00f3n de la Fundaci\u00f3n Antonius Musa de 2026"},"content":{"rendered":"\n<p>La <strong>Fundaci\u00f3n Antonius Musa<\/strong> abre la convocat\u00f3ria para <a href=\"https:\/\/fundacioantoniusmusa.com\/es\/ayudas-formacion\/\">dos l\u00edneas de ayuda<\/a> destinadas a promover la <strong>formaci\u00f3n, la especializaci\u00f3n y la difusi\u00f3n del conocimiento cient\u00edfico entre los profesionales m\u00e9dicos<\/strong>.<\/p>\n\n\n\n<p>Actualmente est\u00e1 <strong>abierta la convocatoria de ayudas<\/strong>, que se podr\u00e1 solicitar <strong>del 1 de marzo al 1 de junio<\/strong>.<\/p>\n\n\n\n<p>Estas becas tienen como objetivo apoyar a los m\u00e9dicos colegiados en el desarrollo de su carrera profesional, facilitando tanto <strong>estancias formativas en centros de referencia<\/strong> como la <strong>participaci\u00f3n en congresos cient\u00edficos<\/strong>.<\/p>\n\n\n\n<h2 class=\"wp-block-heading\">Beca para estancias formativas Olga Acebes<\/h2>\n\n\n\n<p>La <strong>Beca Olga Acebes<\/strong> es una ayuda econ\u00f3mica destinada a facilitar <strong>estancias formativas y rotaciones voluntarias<\/strong>, tanto en el \u00e1mbito <strong>nacional como internacional<\/strong>.<\/p>\n\n\n\n<p>Estas estancias pueden realizarse en <strong>servicios, unidades o centros de reconocido prestigio<\/strong> que desarrollen un trabajo puntero o de alta especializaci\u00f3n, con el objetivo de mejorar la formaci\u00f3n de los profesionales y favorecer el intercambio de conocimiento.<\/p>\n\n\n\n<p>Las ayudas est\u00e1n dirigidas a <strong>m\u00e9dicos colegiados<\/strong> que quieran ampliar su experiencia profesional y adquirir nuevos conocimientos en su \u00e1mbito de especializaci\u00f3n.<\/p>\n\n\n\n<div class=\"wp-block-buttons is-content-justification-center is-layout-flex wp-container-core-buttons-is-layout-16018d1d wp-block-buttons-is-layout-flex\">\n<div class=\"wp-block-button\"><a class=\"wp-block-button__link has-pale-cyan-blue-background-color has-background wp-element-button\" href=\"https:\/\/fundacioantoniusmusa.com\/wp-content\/uploads\/2024\/05\/Bases-Ajut-estances-formatives-investigacio.pdf\"><strong>Consulta <\/strong>la<strong>s bases de la convocat\u00f3ria<\/strong><\/a><\/div>\n<\/div>\n\n\n\n<p><\/p>\n\n\n\n<h2 class=\"wp-block-heading\">Ayudas para la presentaci\u00f3n de comunicaciones orales y p\u00f3sters<\/h2>\n\n\n\n<p>La Fundaci\u00f3n Antonius Musa tambi\u00e9n ofrece <strong>becas para la asistencia a congresos cient\u00edficos<\/strong> y para la <strong>presentaci\u00f3n de comunicaciones orales o p\u00f3sters<\/strong>.<\/p>\n\n\n\n<p>Este apoyo est\u00e1 pensado para fomentar la <strong>participaci\u00f3n activa de los profesionales en foros cient\u00edficos<\/strong> y contribuir a la difusi\u00f3n de la investigaci\u00f3n m\u00e9dica.<\/p>\n\n\n\n<p>Las comunicaciones pueden presentarse en <strong>congresos de \u00e1mbito auton\u00f3mico, nacional o internacional<\/strong>.<\/p>\n\n\n\n<p><\/p>\n\n\n\n<div class=\"wp-block-buttons is-content-justification-center is-layout-flex wp-container-core-buttons-is-layout-16018d1d wp-block-buttons-is-layout-flex\">\n<div class=\"wp-block-button\"><a class=\"wp-block-button__link has-pale-cyan-blue-background-color has-background wp-element-button\" href=\"https:\/\/fundacioantoniusmusa.com\/wp-content\/uploads\/2024\/03\/Bases-Ajut-assistencia-a-congressos-i-presentacio-de-posters-i-o-comunicacions.pdf\"><strong>Consulta l<\/strong>a<strong>s bases de la convocat\u00f3ria <\/strong><\/a><\/div>\n<\/div>\n\n\n\n<p><\/p>\n\n\n\n<h2 class=\"wp-block-heading\">TPlazo de presentaci\u00f3n de solicitudes<\/h2>\n\n\n\n<p>La convocatoria de ayudas est\u00e1 <strong>abierta del 1 de marzo al 1 de junio<\/strong>.<\/p>\n\n\n\n<p>Para solicitar cualquiera de las becas, es necesario <strong>completar el formulario de solicitud disponible en la web<\/strong>.<\/p>\n","protected":false},"excerpt":{"rendered":"<p>La Fundaci\u00f3n Antonius Musa abre la convocat\u00f3ria para dos l\u00edneas de ayuda destinadas a promover la formaci\u00f3n, la especializaci\u00f3n y la difusi\u00f3n del conocimiento cient\u00edfico entre los profesionales m\u00e9dicos. Actualmente est\u00e1 abierta la convocatoria de ayudas, que se podr\u00e1 solicitar del 1 de marzo al 1 de junio. Estas becas tienen como objetivo apoyar a [&#8230;]\n","protected":false},"author":6,"featured_media":3764,"comment_status":"closed","ping_status":"closed","sticky":false,"template":"","format":"standard","meta":{"footnotes":""},"categories":[20],"tags":[],"class_list":["post-3765","post","type-post","status-publish","format-standard","has-post-thumbnail","hentry","category-sin-categoria"],"yoast_head":"<!-- This site is optimized with the Yoast SEO plugin v26.3 - https:\/\/yoast.com\/wordpress\/plugins\/seo\/ -->\n<title>Abierta la convocatoria de becas de formaci\u00f3n de la Fundaci\u00f3n Antonius Musa de 2026 - Fundaci\u00f3 Antonius Musa<\/title>\n<meta name=\"description\" content=\"La Fundaci\u00f3n Antonius Musa abre la convocatoria de becas para estancias formativas Olga Acebes y ayudas para comunicaciones y p\u00f3sters. Solicitudes del 1 de marzo al 1 de junio.\" \/>\n<meta name=\"robots\" content=\"index, follow, max-snippet:-1, max-image-preview:large, max-video-preview:-1\" \/>\n<link rel=\"canonical\" href=\"https:\/\/fundacioantoniusmusa.com\/es\/becas-formacion-fundacion-2026\/\" \/>\n<meta property=\"og:locale\" content=\"es_ES\" \/>\n<meta property=\"og:type\" content=\"article\" \/>\n<meta property=\"og:title\" content=\"Abierta la convocatoria de becas de formaci\u00f3n de la Fundaci\u00f3n Antonius Musa de 2026 - Fundaci\u00f3 Antonius Musa\" \/>\n<meta property=\"og:description\" content=\"La Fundaci\u00f3n Antonius Musa abre la convocatoria de becas para estancias formativas Olga Acebes y ayudas para comunicaciones y p\u00f3sters. Solicitudes del 1 de marzo al 1 de junio.\" \/>\n<meta property=\"og:url\" content=\"https:\/\/fundacioantoniusmusa.com\/es\/becas-formacion-fundacion-2026\/\" \/>\n<meta property=\"og:site_name\" content=\"Fundaci\u00f3 Antonius Musa\" \/>\n<meta property=\"article:published_time\" content=\"2026-03-10T08:21:33+00:00\" \/>\n<meta property=\"article:modified_time\" content=\"2026-03-10T09:02:42+00:00\" \/>\n<meta property=\"og:image\" content=\"https:\/\/fundacioantoniusmusa.com\/wp-content\/uploads\/2026\/03\/Copia-de-OLGA-ACEBES-SAVE-THE-DATE-1540-x-700-px-1200-x-600-px-1540-x-700-px.png\" \/>\n\t<meta property=\"og:image:width\" content=\"1540\" \/>\n\t<meta property=\"og:image:height\" content=\"700\" \/>\n\t<meta property=\"og:image:type\" content=\"image\/png\" \/>\n<meta name=\"author\" content=\"agonzalez@comtarragona.com\" \/>\n<meta name=\"twitter:card\" content=\"summary_large_image\" \/>\n<meta name=\"twitter:label1\" content=\"Escrito por\" \/>\n\t<meta name=\"twitter:data1\" content=\"agonzalez@comtarragona.com\" \/>\n\t<meta name=\"twitter:label2\" content=\"Tiempo de lectura\" \/>\n\t<meta name=\"twitter:data2\" content=\"2 minutos\" \/>\n<script type=\"application\/ld+json\" class=\"yoast-schema-graph\">{\"@context\":\"https:\/\/schema.org\",\"@graph\":[{\"@type\":\"WebPage\",\"@id\":\"https:\/\/fundacioantoniusmusa.com\/es\/becas-formacion-fundacion-2026\/\",\"url\":\"https:\/\/fundacioantoniusmusa.com\/es\/becas-formacion-fundacion-2026\/\",\"name\":\"Abierta la convocatoria de becas de formaci\u00f3n de la Fundaci\u00f3n Antonius Musa de 2026 - Fundaci\u00f3 Antonius Musa\",\"isPartOf\":{\"@id\":\"https:\/\/fundacioantoniusmusa.com\/es\/#website\"},\"primaryImageOfPage\":{\"@id\":\"https:\/\/fundacioantoniusmusa.com\/es\/becas-formacion-fundacion-2026\/#primaryimage\"},\"image\":{\"@id\":\"https:\/\/fundacioantoniusmusa.com\/es\/becas-formacion-fundacion-2026\/#primaryimage\"},\"thumbnailUrl\":\"https:\/\/fundacioantoniusmusa.com\/wp-content\/uploads\/2026\/03\/Copia-de-OLGA-ACEBES-SAVE-THE-DATE-1540-x-700-px-1200-x-600-px-1540-x-700-px.png\",\"datePublished\":\"2026-03-10T08:21:33+00:00\",\"dateModified\":\"2026-03-10T09:02:42+00:00\",\"author\":{\"@id\":\"https:\/\/fundacioantoniusmusa.com\/es\/#\/schema\/person\/45221c722fe241270454c290b0ec068d\"},\"description\":\"La Fundaci\u00f3n Antonius Musa abre la convocatoria de becas para estancias formativas Olga Acebes y ayudas para comunicaciones y p\u00f3sters. Solicitudes del 1 de marzo al 1 de junio.\",\"breadcrumb\":{\"@id\":\"https:\/\/fundacioantoniusmusa.com\/es\/becas-formacion-fundacion-2026\/#breadcrumb\"},\"inLanguage\":\"es\",\"potentialAction\":[{\"@type\":\"ReadAction\",\"target\":[\"https:\/\/fundacioantoniusmusa.com\/es\/becas-formacion-fundacion-2026\/\"]}]},{\"@type\":\"ImageObject\",\"inLanguage\":\"es\",\"@id\":\"https:\/\/fundacioantoniusmusa.com\/es\/becas-formacion-fundacion-2026\/#primaryimage\",\"url\":\"https:\/\/fundacioantoniusmusa.com\/wp-content\/uploads\/2026\/03\/Copia-de-OLGA-ACEBES-SAVE-THE-DATE-1540-x-700-px-1200-x-600-px-1540-x-700-px.png\",\"contentUrl\":\"https:\/\/fundacioantoniusmusa.com\/wp-content\/uploads\/2026\/03\/Copia-de-OLGA-ACEBES-SAVE-THE-DATE-1540-x-700-px-1200-x-600-px-1540-x-700-px.png\",\"width\":1540,\"height\":700},{\"@type\":\"BreadcrumbList\",\"@id\":\"https:\/\/fundacioantoniusmusa.com\/es\/becas-formacion-fundacion-2026\/#breadcrumb\",\"itemListElement\":[{\"@type\":\"ListItem\",\"position\":1,\"name\":\"Inici\",\"item\":\"https:\/\/fundacioantoniusmusa.com\/es\/\"},{\"@type\":\"ListItem\",\"position\":2,\"name\":\"Abierta la convocatoria de becas de formaci\u00f3n de la Fundaci\u00f3n Antonius Musa de 2026\"}]},{\"@type\":\"WebSite\",\"@id\":\"https:\/\/fundacioantoniusmusa.com\/es\/#website\",\"url\":\"https:\/\/fundacioantoniusmusa.com\/es\/\",\"name\":\"Fundaci\u00f3 Antonius Musa\",\"description\":\"\",\"potentialAction\":[{\"@type\":\"SearchAction\",\"target\":{\"@type\":\"EntryPoint\",\"urlTemplate\":\"https:\/\/fundacioantoniusmusa.com\/es\/?s={search_term_string}\"},\"query-input\":{\"@type\":\"PropertyValueSpecification\",\"valueRequired\":true,\"valueName\":\"search_term_string\"}}],\"inLanguage\":\"es\"},{\"@type\":\"Person\",\"@id\":\"https:\/\/fundacioantoniusmusa.com\/es\/#\/schema\/person\/45221c722fe241270454c290b0ec068d\",\"name\":\"agonzalez@comtarragona.com\",\"url\":\"https:\/\/fundacioantoniusmusa.com\/es\/author\/agonzalezcomtarragona-com\/\"}]}<\/script>\n<!-- \/ Yoast SEO plugin. -->","yoast_head_json":{"title":"Abierta la convocatoria de becas de formaci\u00f3n de la Fundaci\u00f3n Antonius Musa de 2026 - Fundaci\u00f3 Antonius Musa","description":"La Fundaci\u00f3n Antonius Musa abre la convocatoria de becas para estancias formativas Olga Acebes y ayudas para comunicaciones y p\u00f3sters. Solicitudes del 1 de marzo al 1 de junio.","robots":{"index":"index","follow":"follow","max-snippet":"max-snippet:-1","max-image-preview":"max-image-preview:large","max-video-preview":"max-video-preview:-1"},"canonical":"https:\/\/fundacioantoniusmusa.com\/es\/becas-formacion-fundacion-2026\/","og_locale":"es_ES","og_type":"article","og_title":"Abierta la convocatoria de becas de formaci\u00f3n de la Fundaci\u00f3n Antonius Musa de 2026 - Fundaci\u00f3 Antonius Musa","og_description":"La Fundaci\u00f3n Antonius Musa abre la convocatoria de becas para estancias formativas Olga Acebes y ayudas para comunicaciones y p\u00f3sters. Solicitudes del 1 de marzo al 1 de junio.","og_url":"https:\/\/fundacioantoniusmusa.com\/es\/becas-formacion-fundacion-2026\/","og_site_name":"Fundaci\u00f3 Antonius Musa","article_published_time":"2026-03-10T08:21:33+00:00","article_modified_time":"2026-03-10T09:02:42+00:00","og_image":[{"width":1540,"height":700,"url":"https:\/\/fundacioantoniusmusa.com\/wp-content\/uploads\/2026\/03\/Copia-de-OLGA-ACEBES-SAVE-THE-DATE-1540-x-700-px-1200-x-600-px-1540-x-700-px.png","type":"image\/png"}],"author":"agonzalez@comtarragona.com","twitter_card":"summary_large_image","twitter_misc":{"Escrito por":"agonzalez@comtarragona.com","Tiempo de lectura":"2 minutos"},"schema":{"@context":"https:\/\/schema.org","@graph":[{"@type":"WebPage","@id":"https:\/\/fundacioantoniusmusa.com\/es\/becas-formacion-fundacion-2026\/","url":"https:\/\/fundacioantoniusmusa.com\/es\/becas-formacion-fundacion-2026\/","name":"Abierta la convocatoria de becas de formaci\u00f3n de la Fundaci\u00f3n Antonius Musa de 2026 - Fundaci\u00f3 Antonius Musa","isPartOf":{"@id":"https:\/\/fundacioantoniusmusa.com\/es\/#website"},"primaryImageOfPage":{"@id":"https:\/\/fundacioantoniusmusa.com\/es\/becas-formacion-fundacion-2026\/#primaryimage"},"image":{"@id":"https:\/\/fundacioantoniusmusa.com\/es\/becas-formacion-fundacion-2026\/#primaryimage"},"thumbnailUrl":"https:\/\/fundacioantoniusmusa.com\/wp-content\/uploads\/2026\/03\/Copia-de-OLGA-ACEBES-SAVE-THE-DATE-1540-x-700-px-1200-x-600-px-1540-x-700-px.png","datePublished":"2026-03-10T08:21:33+00:00","dateModified":"2026-03-10T09:02:42+00:00","author":{"@id":"https:\/\/fundacioantoniusmusa.com\/es\/#\/schema\/person\/45221c722fe241270454c290b0ec068d"},"description":"La Fundaci\u00f3n Antonius Musa abre la convocatoria de becas para estancias formativas Olga Acebes y ayudas para comunicaciones y p\u00f3sters. Solicitudes del 1 de marzo al 1 de junio.","breadcrumb":{"@id":"https:\/\/fundacioantoniusmusa.com\/es\/becas-formacion-fundacion-2026\/#breadcrumb"},"inLanguage":"es","potentialAction":[{"@type":"ReadAction","target":["https:\/\/fundacioantoniusmusa.com\/es\/becas-formacion-fundacion-2026\/"]}]},{"@type":"ImageObject","inLanguage":"es","@id":"https:\/\/fundacioantoniusmusa.com\/es\/becas-formacion-fundacion-2026\/#primaryimage","url":"https:\/\/fundacioantoniusmusa.com\/wp-content\/uploads\/2026\/03\/Copia-de-OLGA-ACEBES-SAVE-THE-DATE-1540-x-700-px-1200-x-600-px-1540-x-700-px.png","contentUrl":"https:\/\/fundacioantoniusmusa.com\/wp-content\/uploads\/2026\/03\/Copia-de-OLGA-ACEBES-SAVE-THE-DATE-1540-x-700-px-1200-x-600-px-1540-x-700-px.png","width":1540,"height":700},{"@type":"BreadcrumbList","@id":"https:\/\/fundacioantoniusmusa.com\/es\/becas-formacion-fundacion-2026\/#breadcrumb","itemListElement":[{"@type":"ListItem","position":1,"name":"Inici","item":"https:\/\/fundacioantoniusmusa.com\/es\/"},{"@type":"ListItem","position":2,"name":"Abierta la convocatoria de becas de formaci\u00f3n de la Fundaci\u00f3n Antonius Musa de 2026"}]},{"@type":"WebSite","@id":"https:\/\/fundacioantoniusmusa.com\/es\/#website","url":"https:\/\/fundacioantoniusmusa.com\/es\/","name":"Fundaci\u00f3 Antonius Musa","description":"","potentialAction":[{"@type":"SearchAction","target":{"@type":"EntryPoint","urlTemplate":"https:\/\/fundacioantoniusmusa.com\/es\/?s={search_term_string}"},"query-input":{"@type":"PropertyValueSpecification","valueRequired":true,"valueName":"search_term_string"}}],"inLanguage":"es"},{"@type":"Person","@id":"https:\/\/fundacioantoniusmusa.com\/es\/#\/schema\/person\/45221c722fe241270454c290b0ec068d","name":"agonzalez@comtarragona.com","url":"https:\/\/fundacioantoniusmusa.com\/es\/author\/agonzalezcomtarragona-com\/"}]}},"_links":{"self":[{"href":"https:\/\/fundacioantoniusmusa.com\/es\/wp-json\/wp\/v2\/posts\/3765","targetHints":{"allow":["GET"]}}],"collection":[{"href":"https:\/\/fundacioantoniusmusa.com\/es\/wp-json\/wp\/v2\/posts"}],"about":[{"href":"https:\/\/fundacioantoniusmusa.com\/es\/wp-json\/wp\/v2\/types\/post"}],"author":[{"embeddable":true,"href":"https:\/\/fundacioantoniusmusa.com\/es\/wp-json\/wp\/v2\/users\/6"}],"replies":[{"embeddable":true,"href":"https:\/\/fundacioantoniusmusa.com\/es\/wp-json\/wp\/v2\/comments?post=3765"}],"version-history":[{"count":3,"href":"https:\/\/fundacioantoniusmusa.com\/es\/wp-json\/wp\/v2\/posts\/3765\/revisions"}],"predecessor-version":[{"id":3775,"href":"https:\/\/fundacioantoniusmusa.com\/es\/wp-json\/wp\/v2\/posts\/3765\/revisions\/3775"}],"wp:featuredmedia":[{"embeddable":true,"href":"https:\/\/fundacioantoniusmusa.com\/es\/wp-json\/wp\/v2\/media\/3764"}],"wp:attachment":[{"href":"https:\/\/fundacioantoniusmusa.com\/es\/wp-json\/wp\/v2\/media?parent=3765"}],"wp:term":[{"taxonomy":"category","embeddable":true,"href":"https:\/\/fundacioantoniusmusa.com\/es\/wp-json\/wp\/v2\/categories?post=3765"},{"taxonomy":"post_tag","embeddable":true,"href":"https:\/\/fundacioantoniusmusa.com\/es\/wp-json\/wp\/v2\/tags?post=3765"}],"curies":[{"name":"wp","href":"https:\/\/api.w.org\/{rel}","templated":true}]}}