{"id":3785,"date":"2026-04-23T12:07:29","date_gmt":"2026-04-23T10:07:29","guid":{"rendered":"https:\/\/fundacioantoniusmusa.com\/?p=3785"},"modified":"2026-04-23T12:07:31","modified_gmt":"2026-04-23T10:07:31","slug":"sant-jordi-fundacion-26","status":"publish","type":"post","link":"https:\/\/fundacioantoniusmusa.com\/es\/sant-jordi-fundacion-26\/","title":{"rendered":"\u00a1Feliz Sant Jordi! Ven a recoger tu ejemplar de \u201cEl Peluix sota la pluja\u201d."},"content":{"rendered":"\n<p>Desde el Colegio Oficial de M\u00e9dicos de Tarragona y la Fundaci\u00f3n Antonius Musa queremos celebrar Sant Jordi con todos nuestros colegiados, y este a\u00f1o lo hacemos con un regalo muy especial: el cuento <em>El peluche bajo la lluvia<\/em> y un punto de libro.<\/p>\n\n\n\n<p>Ven a la sede del COMT en Tarragona o a las delegaciones de Reus y Tortosa y recoge <em>El peluche bajo la lluvia<\/em>, un cuento emotivo que explica la historia de una ni\u00f1a que, ante la pobreza de otra criatura, decide ayudarla guiada por su empat\u00eda y generosidad. Un relato que contrasta la mirada inocente de los ni\u00f1os con la indiferencia de los adultos, y que invita a reflexionar sobre la solidaridad, la desigualdad y el valor de compartir.<\/p>\n\n\n\n<p>Este libro forma parte del proyecto <strong><a href=\"https:\/\/capinfantsenseconte.org\/\">Cap infant sense conte<\/a><\/strong>, una iniciativa educativa, cultural y social nacida en 2014 con el objetivo de fomentar el uso de la lengua catalana, la lectura y la creatividad entre los ni\u00f1os. La Fundaci\u00f3n Antonius Musa participa activamente en este proyecto.<\/p>\n\n\n\n<p><strong>Pasa a recogerlo durante la semana de Sant Jordi y ll\u00e9vate un poco de cultura a casa.<br><br><\/strong><\/p>\n\n\n\n<p><a href=\"https:\/\/comt.cat\/#facebook\" rel=\"noreferrer noopener\" target=\"_blank\"><\/a><\/p>\n","protected":false},"excerpt":{"rendered":"<p>Desde el Colegio Oficial de M\u00e9dicos de Tarragona y la Fundaci\u00f3n Antonius Musa queremos celebrar Sant Jordi con todos nuestros colegiados, y este a\u00f1o lo hacemos con un regalo muy especial: el cuento El peluche bajo la lluvia y un punto de libro. Ven a la sede del COMT en Tarragona o a las delegaciones [&#8230;]\n","protected":false},"author":6,"featured_media":3786,"comment_status":"closed","ping_status":"closed","sticky":false,"template":"","format":"standard","meta":{"footnotes":""},"categories":[20],"tags":[],"class_list":["post-3785","post","type-post","status-publish","format-standard","has-post-thumbnail","hentry","category-sin-categoria"],"yoast_head":"<!-- This site is optimized with the Yoast SEO plugin v26.3 - https:\/\/yoast.com\/wordpress\/plugins\/seo\/ -->\n<title>\u00a1Feliz Sant Jordi! Ven a recoger tu ejemplar de \u201cEl Peluix sota la pluja\u201d. - Fundaci\u00f3 Antonius Musa<\/title>\n<meta name=\"robots\" content=\"index, follow, max-snippet:-1, max-image-preview:large, max-video-preview:-1\" \/>\n<link rel=\"canonical\" href=\"https:\/\/fundacioantoniusmusa.com\/es\/sant-jordi-fundacion-26\/\" \/>\n<meta property=\"og:locale\" content=\"es_ES\" \/>\n<meta property=\"og:type\" content=\"article\" \/>\n<meta property=\"og:title\" content=\"\u00a1Feliz Sant Jordi! Ven a recoger tu ejemplar de \u201cEl Peluix sota la pluja\u201d. - Fundaci\u00f3 Antonius Musa\" \/>\n<meta property=\"og:description\" content=\"Desde el Colegio Oficial de M\u00e9dicos de Tarragona y la Fundaci\u00f3n Antonius Musa queremos celebrar Sant Jordi con todos nuestros colegiados, y este a\u00f1o lo hacemos con un regalo muy especial: el cuento El peluche bajo la lluvia y un punto de libro. Ven a la sede del COMT en Tarragona o a las delegaciones [...]\" \/>\n<meta property=\"og:url\" content=\"https:\/\/fundacioantoniusmusa.com\/es\/sant-jordi-fundacion-26\/\" \/>\n<meta property=\"og:site_name\" content=\"Fundaci\u00f3 Antonius Musa\" \/>\n<meta property=\"article:published_time\" content=\"2026-04-23T10:07:29+00:00\" \/>\n<meta property=\"article:modified_time\" content=\"2026-04-23T10:07:31+00:00\" \/>\n<meta property=\"og:image\" content=\"https:\/\/fundacioantoniusmusa.com\/wp-content\/uploads\/2025\/04\/DESTACADES-WEB-3.png\" \/>\n\t<meta property=\"og:image:width\" content=\"1540\" \/>\n\t<meta property=\"og:image:height\" content=\"700\" \/>\n\t<meta property=\"og:image:type\" content=\"image\/png\" \/>\n<meta name=\"author\" content=\"agonzalez@comtarragona.com\" \/>\n<meta name=\"twitter:card\" content=\"summary_large_image\" \/>\n<meta name=\"twitter:label1\" content=\"Escrito por\" \/>\n\t<meta name=\"twitter:data1\" content=\"agonzalez@comtarragona.com\" \/>\n\t<meta name=\"twitter:label2\" content=\"Tiempo de lectura\" \/>\n\t<meta name=\"twitter:data2\" content=\"1 minuto\" \/>\n<script type=\"application\/ld+json\" class=\"yoast-schema-graph\">{\"@context\":\"https:\/\/schema.org\",\"@graph\":[{\"@type\":\"WebPage\",\"@id\":\"https:\/\/fundacioantoniusmusa.com\/es\/sant-jordi-fundacion-26\/\",\"url\":\"https:\/\/fundacioantoniusmusa.com\/es\/sant-jordi-fundacion-26\/\",\"name\":\"\u00a1Feliz Sant Jordi! Ven a recoger tu ejemplar de \u201cEl Peluix sota la pluja\u201d. - Fundaci\u00f3 Antonius Musa\",\"isPartOf\":{\"@id\":\"https:\/\/fundacioantoniusmusa.com\/es\/#website\"},\"primaryImageOfPage\":{\"@id\":\"https:\/\/fundacioantoniusmusa.com\/es\/sant-jordi-fundacion-26\/#primaryimage\"},\"image\":{\"@id\":\"https:\/\/fundacioantoniusmusa.com\/es\/sant-jordi-fundacion-26\/#primaryimage\"},\"thumbnailUrl\":\"https:\/\/fundacioantoniusmusa.com\/wp-content\/uploads\/2025\/04\/DESTACADES-WEB-3.png\",\"datePublished\":\"2026-04-23T10:07:29+00:00\",\"dateModified\":\"2026-04-23T10:07:31+00:00\",\"author\":{\"@id\":\"https:\/\/fundacioantoniusmusa.com\/es\/#\/schema\/person\/45221c722fe241270454c290b0ec068d\"},\"breadcrumb\":{\"@id\":\"https:\/\/fundacioantoniusmusa.com\/es\/sant-jordi-fundacion-26\/#breadcrumb\"},\"inLanguage\":\"es\",\"potentialAction\":[{\"@type\":\"ReadAction\",\"target\":[\"https:\/\/fundacioantoniusmusa.com\/es\/sant-jordi-fundacion-26\/\"]}]},{\"@type\":\"ImageObject\",\"inLanguage\":\"es\",\"@id\":\"https:\/\/fundacioantoniusmusa.com\/es\/sant-jordi-fundacion-26\/#primaryimage\",\"url\":\"https:\/\/fundacioantoniusmusa.com\/wp-content\/uploads\/2025\/04\/DESTACADES-WEB-3.png\",\"contentUrl\":\"https:\/\/fundacioantoniusmusa.com\/wp-content\/uploads\/2025\/04\/DESTACADES-WEB-3.png\",\"width\":1540,\"height\":700},{\"@type\":\"BreadcrumbList\",\"@id\":\"https:\/\/fundacioantoniusmusa.com\/es\/sant-jordi-fundacion-26\/#breadcrumb\",\"itemListElement\":[{\"@type\":\"ListItem\",\"position\":1,\"name\":\"Inici\",\"item\":\"https:\/\/fundacioantoniusmusa.com\/es\/\"},{\"@type\":\"ListItem\",\"position\":2,\"name\":\"\u00a1Feliz Sant Jordi! Ven a recoger tu ejemplar de \u201cEl Peluix sota la pluja\u201d.\"}]},{\"@type\":\"WebSite\",\"@id\":\"https:\/\/fundacioantoniusmusa.com\/es\/#website\",\"url\":\"https:\/\/fundacioantoniusmusa.com\/es\/\",\"name\":\"Fundaci\u00f3 Antonius Musa\",\"description\":\"\",\"potentialAction\":[{\"@type\":\"SearchAction\",\"target\":{\"@type\":\"EntryPoint\",\"urlTemplate\":\"https:\/\/fundacioantoniusmusa.com\/es\/?s={search_term_string}\"},\"query-input\":{\"@type\":\"PropertyValueSpecification\",\"valueRequired\":true,\"valueName\":\"search_term_string\"}}],\"inLanguage\":\"es\"},{\"@type\":\"Person\",\"@id\":\"https:\/\/fundacioantoniusmusa.com\/es\/#\/schema\/person\/45221c722fe241270454c290b0ec068d\",\"name\":\"agonzalez@comtarragona.com\",\"url\":\"https:\/\/fundacioantoniusmusa.com\/es\/author\/agonzalezcomtarragona-com\/\"}]}<\/script>\n<!-- \/ Yoast SEO plugin. -->","yoast_head_json":{"title":"\u00a1Feliz Sant Jordi! Ven a recoger tu ejemplar de \u201cEl Peluix sota la pluja\u201d. - Fundaci\u00f3 Antonius Musa","robots":{"index":"index","follow":"follow","max-snippet":"max-snippet:-1","max-image-preview":"max-image-preview:large","max-video-preview":"max-video-preview:-1"},"canonical":"https:\/\/fundacioantoniusmusa.com\/es\/sant-jordi-fundacion-26\/","og_locale":"es_ES","og_type":"article","og_title":"\u00a1Feliz Sant Jordi! Ven a recoger tu ejemplar de \u201cEl Peluix sota la pluja\u201d. - Fundaci\u00f3 Antonius Musa","og_description":"Desde el Colegio Oficial de M\u00e9dicos de Tarragona y la Fundaci\u00f3n Antonius Musa queremos celebrar Sant Jordi con todos nuestros colegiados, y este a\u00f1o lo hacemos con un regalo muy especial: el cuento El peluche bajo la lluvia y un punto de libro. Ven a la sede del COMT en Tarragona o a las delegaciones [...]","og_url":"https:\/\/fundacioantoniusmusa.com\/es\/sant-jordi-fundacion-26\/","og_site_name":"Fundaci\u00f3 Antonius Musa","article_published_time":"2026-04-23T10:07:29+00:00","article_modified_time":"2026-04-23T10:07:31+00:00","og_image":[{"width":1540,"height":700,"url":"https:\/\/fundacioantoniusmusa.com\/wp-content\/uploads\/2025\/04\/DESTACADES-WEB-3.png","type":"image\/png"}],"author":"agonzalez@comtarragona.com","twitter_card":"summary_large_image","twitter_misc":{"Escrito por":"agonzalez@comtarragona.com","Tiempo de lectura":"1 minuto"},"schema":{"@context":"https:\/\/schema.org","@graph":[{"@type":"WebPage","@id":"https:\/\/fundacioantoniusmusa.com\/es\/sant-jordi-fundacion-26\/","url":"https:\/\/fundacioantoniusmusa.com\/es\/sant-jordi-fundacion-26\/","name":"\u00a1Feliz Sant Jordi! Ven a recoger tu ejemplar de \u201cEl Peluix sota la pluja\u201d. - Fundaci\u00f3 Antonius Musa","isPartOf":{"@id":"https:\/\/fundacioantoniusmusa.com\/es\/#website"},"primaryImageOfPage":{"@id":"https:\/\/fundacioantoniusmusa.com\/es\/sant-jordi-fundacion-26\/#primaryimage"},"image":{"@id":"https:\/\/fundacioantoniusmusa.com\/es\/sant-jordi-fundacion-26\/#primaryimage"},"thumbnailUrl":"https:\/\/fundacioantoniusmusa.com\/wp-content\/uploads\/2025\/04\/DESTACADES-WEB-3.png","datePublished":"2026-04-23T10:07:29+00:00","dateModified":"2026-04-23T10:07:31+00:00","author":{"@id":"https:\/\/fundacioantoniusmusa.com\/es\/#\/schema\/person\/45221c722fe241270454c290b0ec068d"},"breadcrumb":{"@id":"https:\/\/fundacioantoniusmusa.com\/es\/sant-jordi-fundacion-26\/#breadcrumb"},"inLanguage":"es","potentialAction":[{"@type":"ReadAction","target":["https:\/\/fundacioantoniusmusa.com\/es\/sant-jordi-fundacion-26\/"]}]},{"@type":"ImageObject","inLanguage":"es","@id":"https:\/\/fundacioantoniusmusa.com\/es\/sant-jordi-fundacion-26\/#primaryimage","url":"https:\/\/fundacioantoniusmusa.com\/wp-content\/uploads\/2025\/04\/DESTACADES-WEB-3.png","contentUrl":"https:\/\/fundacioantoniusmusa.com\/wp-content\/uploads\/2025\/04\/DESTACADES-WEB-3.png","width":1540,"height":700},{"@type":"BreadcrumbList","@id":"https:\/\/fundacioantoniusmusa.com\/es\/sant-jordi-fundacion-26\/#breadcrumb","itemListElement":[{"@type":"ListItem","position":1,"name":"Inici","item":"https:\/\/fundacioantoniusmusa.com\/es\/"},{"@type":"ListItem","position":2,"name":"\u00a1Feliz Sant Jordi! Ven a recoger tu ejemplar de \u201cEl Peluix sota la pluja\u201d."}]},{"@type":"WebSite","@id":"https:\/\/fundacioantoniusmusa.com\/es\/#website","url":"https:\/\/fundacioantoniusmusa.com\/es\/","name":"Fundaci\u00f3 Antonius Musa","description":"","potentialAction":[{"@type":"SearchAction","target":{"@type":"EntryPoint","urlTemplate":"https:\/\/fundacioantoniusmusa.com\/es\/?s={search_term_string}"},"query-input":{"@type":"PropertyValueSpecification","valueRequired":true,"valueName":"search_term_string"}}],"inLanguage":"es"},{"@type":"Person","@id":"https:\/\/fundacioantoniusmusa.com\/es\/#\/schema\/person\/45221c722fe241270454c290b0ec068d","name":"agonzalez@comtarragona.com","url":"https:\/\/fundacioantoniusmusa.com\/es\/author\/agonzalezcomtarragona-com\/"}]}},"_links":{"self":[{"href":"https:\/\/fundacioantoniusmusa.com\/es\/wp-json\/wp\/v2\/posts\/3785","targetHints":{"allow":["GET"]}}],"collection":[{"href":"https:\/\/fundacioantoniusmusa.com\/es\/wp-json\/wp\/v2\/posts"}],"about":[{"href":"https:\/\/fundacioantoniusmusa.com\/es\/wp-json\/wp\/v2\/types\/post"}],"author":[{"embeddable":true,"href":"https:\/\/fundacioantoniusmusa.com\/es\/wp-json\/wp\/v2\/users\/6"}],"replies":[{"embeddable":true,"href":"https:\/\/fundacioantoniusmusa.com\/es\/wp-json\/wp\/v2\/comments?post=3785"}],"version-history":[{"count":1,"href":"https:\/\/fundacioantoniusmusa.com\/es\/wp-json\/wp\/v2\/posts\/3785\/revisions"}],"predecessor-version":[{"id":3787,"href":"https:\/\/fundacioantoniusmusa.com\/es\/wp-json\/wp\/v2\/posts\/3785\/revisions\/3787"}],"wp:featuredmedia":[{"embeddable":true,"href":"https:\/\/fundacioantoniusmusa.com\/es\/wp-json\/wp\/v2\/media\/3786"}],"wp:attachment":[{"href":"https:\/\/fundacioantoniusmusa.com\/es\/wp-json\/wp\/v2\/media?parent=3785"}],"wp:term":[{"taxonomy":"category","embeddable":true,"href":"https:\/\/fundacioantoniusmusa.com\/es\/wp-json\/wp\/v2\/categories?post=3785"},{"taxonomy":"post_tag","embeddable":true,"href":"https:\/\/fundacioantoniusmusa.com\/es\/wp-json\/wp\/v2\/tags?post=3785"}],"curies":[{"name":"wp","href":"https:\/\/api.w.org\/{rel}","templated":true}]}}